{"id":348,"date":"2018-07-10T05:44:04","date_gmt":"2018-07-10T04:44:04","guid":{"rendered":"http:\/\/darko-keric.from.hr\/?p=348"},"modified":"2018-07-10T05:44:05","modified_gmt":"2018-07-10T04:44:05","slug":"troubleshoot","status":"publish","type":"post","link":"http:\/\/darko-keric.from.hr\/?p=348","title":{"rendered":"Troubleshoot"},"content":{"rendered":"<p>Odgovori na pitanja:<\/p>\n<ol>\n<li>Nakon uspje\u0161no dodanog NFS ver. 3 storage-a na sve hostove, datastore-i su vidljivi, no na njima nije mogu\u0107e kreiranje virtualnih ra\u010dunala.<\/li>\n<\/ol>\n<p>&nbsp;<\/p>\n<p>O:&nbsp;<\/p>\n<p>-Da li na datastore-u ima dovoljno prostora (Zapunjen)<\/p>\n<p>-Da li su NFS dozvole ispravno konfigurirane (Read-Only)<\/p>\n<p>-Da li se VM mo\u017ee kreirati na nekom drugom Datastore-u (Izoliran problem na jednom hostu)<\/p>\n<p>-Da li postoji manje od 32000 file-ova na problemati\u010dnom datastore-u (Ograni\u010denje NFS-a)<\/p>\n<p>-Da li je block size ispravno pode\u0161en (Ograni\u010denje veli\u010dine file-a)<\/p>\n<p>&nbsp;<\/p>\n<ol start=\"2\">\n<li>Prilikom dodavanja novog ESXi servera u infrastrukturu uo\u010deno je da na iSCSI LUNovi nisu vidljivi nakon \u0161to su pode\u0161ene postavke za software-ski iSCSI target.&nbsp;<\/li>\n<\/ol>\n<p>&nbsp;<\/p>\n<p>O:<\/p>\n<p>-Da li su mre\u017ene postavke ispravno pode\u0161ene (IP, maska, port 3260)<\/p>\n<p>-Da li HBA mo\u017ee pristupiti storage-u (ping, vidljivost)<\/p>\n<p>-Da li postoji firewall koji blokira pristup storage-u (Windows Firewall, iptables, firewalld)<\/p>\n<p>-Da li je podr\u017eana komunikacija storage-a i HBA-a (supported configuration)<\/p>\n<p>-Da li je napravljen rescan Storage Devices-a (trenutno nije vidljiv)<\/p>\n<p>-Da li ostali hostovi vide sporne Datastore-ove<\/p>\n<p>&nbsp;<\/p>\n<ol start=\"3\">\n<li>Prema informacijama dobivenim od korisnika primje\u0107en je pad performansi virtualnih ra\u010dunala vezano za pristup disku. Problem se pojavljuje nakon \u0161to je na lokaciju isporu\u010den novi ESXi server kojeg je prethodno pripremio pripravnik u ICT podr\u0161ci na osnovupostoje\u0107e dokumentacije. I ESXi serveri i iSCSI target imaju po dvije IP adrese za iSCSI komunikaciju.<\/li>\n<\/ol>\n<p>&nbsp;<\/p>\n<p>&nbsp;<\/p>\n<p>O:<\/p>\n<p>-Da li je instaliran zadnji dostupan driver i firmware<\/p>\n<p>-Da li je latencija prema storage-u prevelika (da li odstupa vi\u0161e od BP-a)<\/p>\n<p>-Da li su procesor ili memorija slobodni<\/p>\n<p>-Da li je problem uop\u0107e vezan uz dodavanje novog hosta (Mo\u017eda je storage krenuo u rebuild RAID polja \u0161to se poklopilo to\u010dno sa dodavanjem servera)<\/p>\n<p>-Da li se problem manifestira sa svim hostovima (Da li je problem samo sa novim hostom)<\/p>\n<p>-Da li je stvarno sporost ili normalan rad sustava<\/p>\n<p>&nbsp;<\/p>\n<ol start=\"4\">\n<li>Nakon zamjene hardwerske FC kartice na jednom od poslu\u017eitelja nije vi\u0161e mogu\u0107e pristupiti dijeljenim datastoreima.<\/li>\n<\/ol>\n<p>&nbsp;<\/p>\n<p>&nbsp;<\/p>\n<p>O:<\/p>\n<p>-Da li je instaliran zadnji dostupan driver i firmware<\/p>\n<p>-Da li napravljen rescan datastore-a<\/p>\n<p>-Da li ostali hostove vide datastore<\/p>\n<p>-Da li je promijenjen stari WWN u novi na ACL-ovima i Initiator postavkama<\/p>\n<p>-Da li je zoniranje ispravno odra\u0111eno<\/p>\n<p>-Da li FC switch \u0161alje RSCN poruke<\/p>\n<p>-Da li je FC kartica ispravna<\/p>\n<p>&nbsp;<\/p>\n<ol start=\"5\">\n<li>Nakon normalnog kori\u0161tenja datastore-a na NFS v4.1 serveru, datastore-i vi\u0161e nisu dostupni za kori\u0161tenje.<\/li>\n<\/ol>\n<p>Prema informacijama nitko ni\u0161ta nije mijenjao tijekom zadnjih mjesec dana na opremi.<\/p>\n<p>&nbsp;<\/p>\n<p>O:<\/p>\n<p>-Da li su datastore-ovi mountani<\/p>\n<p>-Da li su datastore-ovi vidljivi na FC infrastrukturi<\/p>\n<p>-Da li je storage \u017eiv<\/p>\n<p>-Da li po logovima stvarno nije ni\u0161ta dirano<\/p>\n<p>&nbsp;<\/p>\n<ol start=\"6\">\n<li>Nakon normalnog kori\u0161tenja datastore-a na NFS-u, pojavljuju se korumpirane virtualna ra\u010dunala na datastoru, te ih se mora vra\u0107ati iz arhive da bi sustav oporavili. Prema informacijama u sustav je dodano par novih ESXi servera koji su se tako\u0111er spojili&nbsp;na taj NFS.<\/li>\n<\/ol>\n<p>&nbsp;<\/p>\n<p>O:<\/p>\n<p>-Na koji na\u010din se korupcija manifestira (OS ili Hypervisor level)<\/p>\n<p>-Da li file-ovi na datastore-u imaju postavljen lock<\/p>\n<p>-Da li postoje ve\u0107 snimljeni i dokumentirani problemi koji se pojavljuju i nama na online zajednicama<\/p>\n<p>-Da li postoje problemi hardverske prirode koji bi uzrokovali ovakav kvar (storage level)<\/p>\n<p>&nbsp;<\/p>\n<ol start=\"7\">\n<li>Od zadnje rekonfiguracije i radova na sustavu i mre\u017ei pro\u0161lo je dva tjedna. Danas, nakon kvara baterija na UPS-u i ponovnog pokretanja, pristup iSCSI storage-u vi\u0161e ne radi samo s nekih ESXi servera.<\/li>\n<\/ol>\n<p>&nbsp;<\/p>\n<p>O:<\/p>\n<p>-\u0160to se to\u010dno rekonfiguriralo i kako (change management)<\/p>\n<p>-Da li je konfiguracija ostala spremljena na mre\u017enoj opremi (prilikom ga\u0161enja se resetirala na staro)<\/p>\n<p>-Da li je uslijed nestanka struje do\u0161lo do kvara na hardveru<\/p>\n<p>&nbsp;<\/p>\n<ol start=\"8\">\n<li>Zbog vi\u0161estrukih prijava na helpdesk za slabe performanse rada s diskovima sumnja se na probleme s storage sustavom. Problemima su zahva\u0107ene samo neka virtualna ra\u010dunala. Svi ESXi serveri imaju pristup do svih datastora.&nbsp;<\/li>\n<\/ol>\n<p>&nbsp;<\/p>\n<p>O:<\/p>\n<p>-Da li su svi problemati\u010dni VM-ovi na istom datastore-u<\/p>\n<p>-Da li su svi problemati\u010dni datastore-ovi sa istog LUN-a na storage-u<\/p>\n<p>-Da li je ispad diska uzrokovao slabije performanse zbog rebuilda RAID polja<\/p>\n<p>-Da li su svi path-ovi do storage-a online<\/p>\n<p>-Da li je ispravna mre\u017enom (FC) opremom<\/p>\n<p>&nbsp;<\/p>\n<ol start=\"9\">\n<li>Najavljeni su radovi zbog kojih je potrebno jedan od 32 ESXi servera privremeno onemogu\u0107iti unutar HA clustera. Slobodnih resura ima dovoljno za failover, te je server uspje\u0161no uga\u0161en za radove. No nakon nenadanog kvara drugog ESXi servera, dio virtualnih&nbsp;ra\u010dunala nije ponovo pokrenut. ESXi serveri imaju pristup do razli\u010ditih vrsta datastora.<\/li>\n<\/ol>\n<p>&nbsp;<\/p>\n<p>O:<\/p>\n<p>-Da li hostovi imaju pristup do datastore-ova na kojima su problemati\u010dne virtualke<\/p>\n<p>-Da li je na virtualkama konfiguriran HA<\/p>\n<p>-Da li su virtualne ma\u0161ine \u010dlanovi neke host affinity grupe<\/p>\n<p>&nbsp;<\/p>\n<ol start=\"10\">\n<li>Najavljeni su radovi zbog kojih je potrebno preseliti dio virtualnih ra\u010dunala na \u017eivo s nekoliko servera na neke druge ESXi server. Do danas se nije koristila funkcionalnost vMotiona. Prilikom poku\u0161aja selidba migracije nije uspjela.<\/li>\n<\/ol>\n<p>&nbsp;<\/p>\n<p>O:<\/p>\n<p>-Da li su ispravne mre\u017ene postavke<\/p>\n<p>-Da li je vMotion omogu\u0107en na predvi\u0111enim portovima za to<\/p>\n<p>-Da li je mre\u017ea dovoljno brza za odradu vMotion-a<\/p>\n<p>-Da li se hostovi vide na mre\u017ei<\/p>\n<p>-Da li postoji dovoljno resursa na drugom hostu za prihvat virtualki<\/p>\n<p>&nbsp;<\/p>\n","protected":false},"excerpt":{"rendered":"<p>Odgovori na pitanja: Nakon uspje\u0161no dodanog NFS ver. 3 storage-a na sve hostove, datastore-i su vidljivi, no na njima nije mogu\u0107e kreiranje virtualnih ra\u010dunala. &nbsp; O:&nbsp; -Da li na datastore-u ima dovoljno prostora (Zapunjen) -Da li su NFS dozvole ispravno &hellip; <a href=\"http:\/\/darko-keric.from.hr\/?p=348\">Continue reading <span class=\"meta-nav\">&rarr;<\/span><\/a><\/p>\n","protected":false},"author":348,"featured_media":0,"comment_status":"closed","ping_status":"closed","sticky":false,"template":"","format":"standard","meta":{"ngg_post_thumbnail":0},"categories":[1],"tags":[],"yoast_head":"<!-- This site is optimized with the Yoast SEO plugin v17.5 - https:\/\/yoast.com\/wordpress\/plugins\/seo\/ -->\n<meta name=\"robots\" content=\"index, follow, max-snippet:-1, max-image-preview:large, max-video-preview:-1\" \/>\n<link rel=\"canonical\" href=\"http:\/\/darko-keric.from.hr\/?p=348\" \/>\n<meta property=\"og:locale\" content=\"en_US\" \/>\n<meta property=\"og:type\" content=\"article\" \/>\n<meta property=\"og:title\" content=\"Troubleshoot - Sistemski in\u017eenjer\" \/>\n<meta property=\"og:description\" content=\"Odgovori na pitanja: Nakon uspje\u0161no dodanog NFS ver. 3 storage-a na sve hostove, datastore-i su vidljivi, no na njima nije mogu\u0107e kreiranje virtualnih ra\u010dunala. &nbsp; O:&nbsp; -Da li na datastore-u ima dovoljno prostora (Zapunjen) -Da li su NFS dozvole ispravno &hellip; Continue reading &rarr;\" \/>\n<meta property=\"og:url\" content=\"http:\/\/darko-keric.from.hr\/?p=348\" \/>\n<meta property=\"og:site_name\" content=\"Sistemski in\u017eenjer\" \/>\n<meta property=\"article:published_time\" content=\"2018-07-10T04:44:04+00:00\" \/>\n<meta property=\"article:modified_time\" content=\"2018-07-10T04:44:05+00:00\" \/>\n<meta name=\"twitter:card\" content=\"summary\" \/>\n<meta name=\"twitter:label1\" content=\"Written by\" \/>\n\t<meta name=\"twitter:data1\" content=\"darko-keric\" \/>\n\t<meta name=\"twitter:label2\" content=\"Est. reading time\" \/>\n\t<meta name=\"twitter:data2\" content=\"5 minutes\" \/>\n<script type=\"application\/ld+json\" class=\"yoast-schema-graph\">{\"@context\":\"https:\/\/schema.org\",\"@graph\":[{\"@type\":\"WebSite\",\"@id\":\"https:\/\/darko-keric.from.hr\/#website\",\"url\":\"https:\/\/darko-keric.from.hr\/\",\"name\":\"Sistemski in\\u017eenjer\",\"description\":\"System administrator\",\"potentialAction\":[{\"@type\":\"SearchAction\",\"target\":{\"@type\":\"EntryPoint\",\"urlTemplate\":\"https:\/\/darko-keric.from.hr\/?s={search_term_string}\"},\"query-input\":\"required name=search_term_string\"}],\"inLanguage\":\"en-US\"},{\"@type\":\"WebPage\",\"@id\":\"http:\/\/darko-keric.from.hr\/?p=348#webpage\",\"url\":\"http:\/\/darko-keric.from.hr\/?p=348\",\"name\":\"Troubleshoot - Sistemski in\\u017eenjer\",\"isPartOf\":{\"@id\":\"https:\/\/darko-keric.from.hr\/#website\"},\"datePublished\":\"2018-07-10T04:44:04+00:00\",\"dateModified\":\"2018-07-10T04:44:05+00:00\",\"author\":{\"@id\":\"https:\/\/darko-keric.from.hr\/#\/schema\/person\/5e2f76737b07a700e0e2a108d173e612\"},\"breadcrumb\":{\"@id\":\"http:\/\/darko-keric.from.hr\/?p=348#breadcrumb\"},\"inLanguage\":\"en-US\",\"potentialAction\":[{\"@type\":\"ReadAction\",\"target\":[\"http:\/\/darko-keric.from.hr\/?p=348\"]}]},{\"@type\":\"BreadcrumbList\",\"@id\":\"http:\/\/darko-keric.from.hr\/?p=348#breadcrumb\",\"itemListElement\":[{\"@type\":\"ListItem\",\"position\":1,\"name\":\"Home\",\"item\":\"https:\/\/darko-keric.from.hr\/\"},{\"@type\":\"ListItem\",\"position\":2,\"name\":\"Troubleshoot\"}]},{\"@type\":\"Person\",\"@id\":\"https:\/\/darko-keric.from.hr\/#\/schema\/person\/5e2f76737b07a700e0e2a108d173e612\",\"name\":\"darko-keric\",\"image\":{\"@type\":\"ImageObject\",\"@id\":\"https:\/\/darko-keric.from.hr\/#personlogo\",\"inLanguage\":\"en-US\",\"url\":\"http:\/\/0.gravatar.com\/avatar\/0400800f6ebec266fcb39a1cb31b0b0e?s=96&d=mm&r=g\",\"contentUrl\":\"http:\/\/0.gravatar.com\/avatar\/0400800f6ebec266fcb39a1cb31b0b0e?s=96&d=mm&r=g\",\"caption\":\"darko-keric\"},\"url\":\"http:\/\/darko-keric.from.hr\/?author=348\"}]}<\/script>\n<!-- \/ Yoast SEO plugin. -->","yoast_head_json":{"robots":{"index":"index","follow":"follow","max-snippet":"max-snippet:-1","max-image-preview":"max-image-preview:large","max-video-preview":"max-video-preview:-1"},"canonical":"http:\/\/darko-keric.from.hr\/?p=348","og_locale":"en_US","og_type":"article","og_title":"Troubleshoot - Sistemski in\u017eenjer","og_description":"Odgovori na pitanja: Nakon uspje\u0161no dodanog NFS ver. 3 storage-a na sve hostove, datastore-i su vidljivi, no na njima nije mogu\u0107e kreiranje virtualnih ra\u010dunala. &nbsp; O:&nbsp; -Da li na datastore-u ima dovoljno prostora (Zapunjen) -Da li su NFS dozvole ispravno &hellip; Continue reading &rarr;","og_url":"http:\/\/darko-keric.from.hr\/?p=348","og_site_name":"Sistemski in\u017eenjer","article_published_time":"2018-07-10T04:44:04+00:00","article_modified_time":"2018-07-10T04:44:05+00:00","twitter_card":"summary","twitter_misc":{"Written by":"darko-keric","Est. reading time":"5 minutes"},"schema":{"@context":"https:\/\/schema.org","@graph":[{"@type":"WebSite","@id":"https:\/\/darko-keric.from.hr\/#website","url":"https:\/\/darko-keric.from.hr\/","name":"Sistemski in\u017eenjer","description":"System administrator","potentialAction":[{"@type":"SearchAction","target":{"@type":"EntryPoint","urlTemplate":"https:\/\/darko-keric.from.hr\/?s={search_term_string}"},"query-input":"required name=search_term_string"}],"inLanguage":"en-US"},{"@type":"WebPage","@id":"http:\/\/darko-keric.from.hr\/?p=348#webpage","url":"http:\/\/darko-keric.from.hr\/?p=348","name":"Troubleshoot - Sistemski in\u017eenjer","isPartOf":{"@id":"https:\/\/darko-keric.from.hr\/#website"},"datePublished":"2018-07-10T04:44:04+00:00","dateModified":"2018-07-10T04:44:05+00:00","author":{"@id":"https:\/\/darko-keric.from.hr\/#\/schema\/person\/5e2f76737b07a700e0e2a108d173e612"},"breadcrumb":{"@id":"http:\/\/darko-keric.from.hr\/?p=348#breadcrumb"},"inLanguage":"en-US","potentialAction":[{"@type":"ReadAction","target":["http:\/\/darko-keric.from.hr\/?p=348"]}]},{"@type":"BreadcrumbList","@id":"http:\/\/darko-keric.from.hr\/?p=348#breadcrumb","itemListElement":[{"@type":"ListItem","position":1,"name":"Home","item":"https:\/\/darko-keric.from.hr\/"},{"@type":"ListItem","position":2,"name":"Troubleshoot"}]},{"@type":"Person","@id":"https:\/\/darko-keric.from.hr\/#\/schema\/person\/5e2f76737b07a700e0e2a108d173e612","name":"darko-keric","image":{"@type":"ImageObject","@id":"https:\/\/darko-keric.from.hr\/#personlogo","inLanguage":"en-US","url":"http:\/\/0.gravatar.com\/avatar\/0400800f6ebec266fcb39a1cb31b0b0e?s=96&d=mm&r=g","contentUrl":"http:\/\/0.gravatar.com\/avatar\/0400800f6ebec266fcb39a1cb31b0b0e?s=96&d=mm&r=g","caption":"darko-keric"},"url":"http:\/\/darko-keric.from.hr\/?author=348"}]}},"_links":{"self":[{"href":"http:\/\/darko-keric.from.hr\/index.php?rest_route=\/wp\/v2\/posts\/348"}],"collection":[{"href":"http:\/\/darko-keric.from.hr\/index.php?rest_route=\/wp\/v2\/posts"}],"about":[{"href":"http:\/\/darko-keric.from.hr\/index.php?rest_route=\/wp\/v2\/types\/post"}],"author":[{"embeddable":true,"href":"http:\/\/darko-keric.from.hr\/index.php?rest_route=\/wp\/v2\/users\/348"}],"replies":[{"embeddable":true,"href":"http:\/\/darko-keric.from.hr\/index.php?rest_route=%2Fwp%2Fv2%2Fcomments&post=348"}],"version-history":[{"count":1,"href":"http:\/\/darko-keric.from.hr\/index.php?rest_route=\/wp\/v2\/posts\/348\/revisions"}],"predecessor-version":[{"id":349,"href":"http:\/\/darko-keric.from.hr\/index.php?rest_route=\/wp\/v2\/posts\/348\/revisions\/349"}],"wp:attachment":[{"href":"http:\/\/darko-keric.from.hr\/index.php?rest_route=%2Fwp%2Fv2%2Fmedia&parent=348"}],"wp:term":[{"taxonomy":"category","embeddable":true,"href":"http:\/\/darko-keric.from.hr\/index.php?rest_route=%2Fwp%2Fv2%2Fcategories&post=348"},{"taxonomy":"post_tag","embeddable":true,"href":"http:\/\/darko-keric.from.hr\/index.php?rest_route=%2Fwp%2Fv2%2Ftags&post=348"}],"curies":[{"name":"wp","href":"https:\/\/api.w.org\/{rel}","templated":true}]}}